{"id":6015,"date":"2022-02-18T13:18:01","date_gmt":"2022-02-18T13:18:01","guid":{"rendered":"https:\/\/www.bivaq.com\/?p=6015"},"modified":"2022-02-22T15:16:18","modified_gmt":"2022-02-22T15:16:18","slug":"gran-melia-palacio-de-isora-tenerife","status":"publish","type":"post","link":"https:\/\/www.bivaq.com\/es\/gran-melia-palacio-de-isora-tenerife\/","title":{"rendered":"GRAN MELI\u00c1 PALACIO DE ISORA TENERIFE"},"content":{"rendered":"<p>El Gran Meli\u00e1 Palacio de Isora es un amplio complejo vacacional dise\u00f1ador por el arquitecto \u00c1lvaro Sans ubicado en la costa de Adeje de Tenerife, entre el Teide y el oc\u00e9ano.<\/p>\n<p>El proyecto se concibi\u00f3 para adaptarse a la climatolog\u00eda y arquitectura del lugar, creando un dise\u00f1o contempor\u00e1neo con elementos convencionales de las construcciones de las Islas Canarias que se integra en el entorno natural.<\/p>\n<p>El hotel cuenta con una c\u00fapula de 14 metros de di\u00e1metro que preside la entrada, adem\u00e1s de la piscina de agua salada m\u00e1s grande de Europa desde la que apreciar el Oc\u00e9ano Atl\u00e1ntico.<\/p>\n<p>El resort dispone de m\u00e1s de 600 habitaciones de interiorismo contempor\u00e1neo, adem\u00e1s de villas y un hotel boutique Red Level en su interior. El espacio est\u00e1 lleno de opciones gastron\u00f3micas y de entretenimiento, como un restaurante de cocina mediterr\u00e1nea, otro o italiana, cocina asi\u00e1tica, mexicana, francesa, asador de carne o un food market y rinc\u00f3n vegano.<\/p>\n<p>La silla con brazos de la colecci\u00f3n VINT y las mesas VINT y DATS visten la zona gastron\u00f3mica exterior, as\u00ed como sus terrazas, en una combinaci\u00f3n de estructura marr\u00f3n oscuro y tapizado en crema.<\/p>\n<p>El complejo fue premiado en repetidas ocasiones, como por ejemplo ser elegido el Mejor Resort de Espa\u00f1a seg\u00fan Conde Nast Traveller de forma consecutiva.<\/p>\n","protected":false},"excerpt":{"rendered":"<p>El Gran Meli\u00e1 Palacio de Isora es un amplio complejo vacacional dise\u00f1ador por el arquitecto \u00c1lvaro Sans ubicado en la costa de Adeje de Tenerife, entre el Teide y el oc\u00e9ano. El proyecto se concibi\u00f3 para adaptarse a la climatolog\u00eda y arquitectura del lugar, creando un dise\u00f1o contempor\u00e1neo con elementos convencionales de las construcciones de [&hellip;]<\/p>\n","protected":false},"author":9192192,"featured_media":4205,"comment_status":"closed","ping_status":"open","sticky":false,"template":"","format":"standard","meta":{"footnotes":""},"categories":[151],"tags":[],"class_list":["post-6015","post","type-post","status-publish","format-standard","has-post-thumbnail","hentry","category-proyecto","country-spain","city-tenerife","type-hotels-resorts-es","area-dining-area-es","location-europe-es","collection-dats-es","collection-vint-es"],"yoast_head":"<!-- This site is optimized with the Yoast SEO plugin v26.7 - https:\/\/yoast.com\/wordpress\/plugins\/seo\/ -->\n<title>GRAN MELI\u00c1 PALACIO DE ISORA TENERIFE | BIVAQ<\/title>\n<meta name=\"description\" content=\"El Gran Meli\u00e1 Palacio de Isora es un amplio complejo vacacional dise\u00f1ador por el arquitecto \u00c1lvaro Sans ubicado en la costa de Adeje de Tenerife, entre el\" \/>\n<meta name=\"robots\" content=\"index, follow, max-snippet:-1, max-image-preview:large, max-video-preview:-1\" \/>\n<link rel=\"canonical\" href=\"https:\/\/www.bivaq.com\/es\/gran-melia-palacio-de-isora-tenerife\/\" \/>\n<meta property=\"og:locale\" content=\"es_ES\" \/>\n<meta property=\"og:type\" content=\"article\" \/>\n<meta property=\"og:title\" content=\"GRAN MELI\u00c1 PALACIO DE ISORA TENERIFE | BIVAQ\" \/>\n<meta property=\"og:description\" content=\"El Gran Meli\u00e1 Palacio de Isora es un amplio complejo vacacional dise\u00f1ador por el arquitecto \u00c1lvaro Sans ubicado en la costa de Adeje de Tenerife, entre el\" \/>\n<meta property=\"og:url\" content=\"https:\/\/www.bivaq.com\/es\/gran-melia-palacio-de-isora-tenerife\/\" \/>\n<meta property=\"og:site_name\" content=\"BIVAQ\" \/>\n<meta property=\"article:published_time\" content=\"2022-02-18T13:18:01+00:00\" \/>\n<meta property=\"article:modified_time\" content=\"2022-02-22T15:16:18+00:00\" \/>\n<meta property=\"og:image\" content=\"https:\/\/www.bivaq.com\/wp-content\/uploads\/2016\/11\/1-04RedLevel_GMPalacioDeIsora-Pool-scaled.jpg\" \/>\n\t<meta property=\"og:image:width\" content=\"2560\" \/>\n\t<meta property=\"og:image:height\" content=\"1610\" \/>\n\t<meta property=\"og:image:type\" content=\"image\/jpeg\" \/>\n<meta name=\"author\" content=\"Admin Bivaq\" \/>\n<meta name=\"twitter:card\" content=\"summary_large_image\" \/>\n<meta name=\"twitter:label1\" content=\"Escrito por\" \/>\n\t<meta name=\"twitter:data1\" content=\"Admin Bivaq\" \/>\n\t<meta name=\"twitter:label2\" content=\"Tiempo de lectura\" \/>\n\t<meta name=\"twitter:data2\" content=\"1 minuto\" \/>\n<script type=\"application\/ld+json\" class=\"yoast-schema-graph\">{\"@context\":\"https:\/\/schema.org\",\"@graph\":[{\"@type\":\"Article\",\"@id\":\"https:\/\/www.bivaq.com\/es\/gran-melia-palacio-de-isora-tenerife\/#article\",\"isPartOf\":{\"@id\":\"https:\/\/www.bivaq.com\/es\/gran-melia-palacio-de-isora-tenerife\/\"},\"author\":{\"name\":\"Admin Bivaq\",\"@id\":\"https:\/\/www.bivaq.com\/es\/#\/schema\/person\/67eecb589ca27e5a5c99fa505005e1a4\"},\"headline\":\"GRAN MELI\u00c1 PALACIO DE ISORA TENERIFE\",\"datePublished\":\"2022-02-18T13:18:01+00:00\",\"dateModified\":\"2022-02-22T15:16:18+00:00\",\"mainEntityOfPage\":{\"@id\":\"https:\/\/www.bivaq.com\/es\/gran-melia-palacio-de-isora-tenerife\/\"},\"wordCount\":240,\"image\":{\"@id\":\"https:\/\/www.bivaq.com\/es\/gran-melia-palacio-de-isora-tenerife\/#primaryimage\"},\"thumbnailUrl\":\"https:\/\/www.bivaq.com\/wp-content\/uploads\/2016\/11\/1-04RedLevel_GMPalacioDeIsora-Pool-scaled.jpg\",\"articleSection\":[\"Proyecto\"],\"inLanguage\":\"es\"},{\"@type\":\"WebPage\",\"@id\":\"https:\/\/www.bivaq.com\/es\/gran-melia-palacio-de-isora-tenerife\/\",\"url\":\"https:\/\/www.bivaq.com\/es\/gran-melia-palacio-de-isora-tenerife\/\",\"name\":\"GRAN MELI\u00c1 PALACIO DE ISORA TENERIFE | BIVAQ\",\"isPartOf\":{\"@id\":\"https:\/\/www.bivaq.com\/es\/#website\"},\"primaryImageOfPage\":{\"@id\":\"https:\/\/www.bivaq.com\/es\/gran-melia-palacio-de-isora-tenerife\/#primaryimage\"},\"image\":{\"@id\":\"https:\/\/www.bivaq.com\/es\/gran-melia-palacio-de-isora-tenerife\/#primaryimage\"},\"thumbnailUrl\":\"https:\/\/www.bivaq.com\/wp-content\/uploads\/2016\/11\/1-04RedLevel_GMPalacioDeIsora-Pool-scaled.jpg\",\"datePublished\":\"2022-02-18T13:18:01+00:00\",\"dateModified\":\"2022-02-22T15:16:18+00:00\",\"author\":{\"@id\":\"https:\/\/www.bivaq.com\/es\/#\/schema\/person\/67eecb589ca27e5a5c99fa505005e1a4\"},\"description\":\"El Gran Meli\u00e1 Palacio de Isora es un amplio complejo vacacional dise\u00f1ador por el arquitecto \u00c1lvaro Sans ubicado en la costa de Adeje de Tenerife, entre el\",\"breadcrumb\":{\"@id\":\"https:\/\/www.bivaq.com\/es\/gran-melia-palacio-de-isora-tenerife\/#breadcrumb\"},\"inLanguage\":\"es\",\"potentialAction\":[{\"@type\":\"ReadAction\",\"target\":[\"https:\/\/www.bivaq.com\/es\/gran-melia-palacio-de-isora-tenerife\/\"]}]},{\"@type\":\"ImageObject\",\"inLanguage\":\"es\",\"@id\":\"https:\/\/www.bivaq.com\/es\/gran-melia-palacio-de-isora-tenerife\/#primaryimage\",\"url\":\"https:\/\/www.bivaq.com\/wp-content\/uploads\/2016\/11\/1-04RedLevel_GMPalacioDeIsora-Pool-scaled.jpg\",\"contentUrl\":\"https:\/\/www.bivaq.com\/wp-content\/uploads\/2016\/11\/1-04RedLevel_GMPalacioDeIsora-Pool-scaled.jpg\",\"width\":2560,\"height\":1610},{\"@type\":\"BreadcrumbList\",\"@id\":\"https:\/\/www.bivaq.com\/es\/gran-melia-palacio-de-isora-tenerife\/#breadcrumb\",\"itemListElement\":[{\"@type\":\"ListItem\",\"position\":1,\"name\":\"Home\",\"item\":\"https:\/\/www.bivaq.com\/es\/\"},{\"@type\":\"ListItem\",\"position\":2,\"name\":\"GRAN MELI\u00c1 PALACIO DE ISORA TENERIFE\"}]},{\"@type\":\"WebSite\",\"@id\":\"https:\/\/www.bivaq.com\/es\/#website\",\"url\":\"https:\/\/www.bivaq.com\/es\/\",\"name\":\"Bivaq\",\"description\":\"Muebles de dise\u00f1o y accesorios para uso exterior\",\"alternateName\":\"Bivaq\",\"potentialAction\":[{\"@type\":\"SearchAction\",\"target\":{\"@type\":\"EntryPoint\",\"urlTemplate\":\"https:\/\/www.bivaq.com\/es\/?s={search_term_string}\"},\"query-input\":{\"@type\":\"PropertyValueSpecification\",\"valueRequired\":true,\"valueName\":\"search_term_string\"}}],\"inLanguage\":\"es\"},{\"@type\":\"Person\",\"@id\":\"https:\/\/www.bivaq.com\/es\/#\/schema\/person\/67eecb589ca27e5a5c99fa505005e1a4\",\"name\":\"Admin Bivaq\",\"image\":{\"@type\":\"ImageObject\",\"inLanguage\":\"es\",\"@id\":\"https:\/\/www.bivaq.com\/es\/#\/schema\/person\/image\/\",\"url\":\"https:\/\/secure.gravatar.com\/avatar\/572ffa66ad5a4c044c2db31e248d79f6161fcfb04d9a4231fb2a4cedcc11c7ea?s=96&d=mm&r=g\",\"contentUrl\":\"https:\/\/secure.gravatar.com\/avatar\/572ffa66ad5a4c044c2db31e248d79f6161fcfb04d9a4231fb2a4cedcc11c7ea?s=96&d=mm&r=g\",\"caption\":\"Admin Bivaq\"},\"url\":\"https:\/\/www.bivaq.com\/es\/author\/n_admin_bivaq\/\"}]}<\/script>\n<!-- \/ Yoast SEO plugin. -->","yoast_head_json":{"title":"GRAN MELI\u00c1 PALACIO DE ISORA TENERIFE | BIVAQ","description":"El Gran Meli\u00e1 Palacio de Isora es un amplio complejo vacacional dise\u00f1ador por el arquitecto \u00c1lvaro Sans ubicado en la costa de Adeje de Tenerife, entre el","robots":{"index":"index","follow":"follow","max-snippet":"max-snippet:-1","max-image-preview":"max-image-preview:large","max-video-preview":"max-video-preview:-1"},"canonical":"https:\/\/www.bivaq.com\/es\/gran-melia-palacio-de-isora-tenerife\/","og_locale":"es_ES","og_type":"article","og_title":"GRAN MELI\u00c1 PALACIO DE ISORA TENERIFE | BIVAQ","og_description":"El Gran Meli\u00e1 Palacio de Isora es un amplio complejo vacacional dise\u00f1ador por el arquitecto \u00c1lvaro Sans ubicado en la costa de Adeje de Tenerife, entre el","og_url":"https:\/\/www.bivaq.com\/es\/gran-melia-palacio-de-isora-tenerife\/","og_site_name":"BIVAQ","article_published_time":"2022-02-18T13:18:01+00:00","article_modified_time":"2022-02-22T15:16:18+00:00","og_image":[{"width":2560,"height":1610,"url":"https:\/\/www.bivaq.com\/wp-content\/uploads\/2016\/11\/1-04RedLevel_GMPalacioDeIsora-Pool-scaled.jpg","type":"image\/jpeg"}],"author":"Admin Bivaq","twitter_card":"summary_large_image","twitter_misc":{"Escrito por":"Admin Bivaq","Tiempo de lectura":"1 minuto"},"schema":{"@context":"https:\/\/schema.org","@graph":[{"@type":"Article","@id":"https:\/\/www.bivaq.com\/es\/gran-melia-palacio-de-isora-tenerife\/#article","isPartOf":{"@id":"https:\/\/www.bivaq.com\/es\/gran-melia-palacio-de-isora-tenerife\/"},"author":{"name":"Admin Bivaq","@id":"https:\/\/www.bivaq.com\/es\/#\/schema\/person\/67eecb589ca27e5a5c99fa505005e1a4"},"headline":"GRAN MELI\u00c1 PALACIO DE ISORA TENERIFE","datePublished":"2022-02-18T13:18:01+00:00","dateModified":"2022-02-22T15:16:18+00:00","mainEntityOfPage":{"@id":"https:\/\/www.bivaq.com\/es\/gran-melia-palacio-de-isora-tenerife\/"},"wordCount":240,"image":{"@id":"https:\/\/www.bivaq.com\/es\/gran-melia-palacio-de-isora-tenerife\/#primaryimage"},"thumbnailUrl":"https:\/\/www.bivaq.com\/wp-content\/uploads\/2016\/11\/1-04RedLevel_GMPalacioDeIsora-Pool-scaled.jpg","articleSection":["Proyecto"],"inLanguage":"es"},{"@type":"WebPage","@id":"https:\/\/www.bivaq.com\/es\/gran-melia-palacio-de-isora-tenerife\/","url":"https:\/\/www.bivaq.com\/es\/gran-melia-palacio-de-isora-tenerife\/","name":"GRAN MELI\u00c1 PALACIO DE ISORA TENERIFE | BIVAQ","isPartOf":{"@id":"https:\/\/www.bivaq.com\/es\/#website"},"primaryImageOfPage":{"@id":"https:\/\/www.bivaq.com\/es\/gran-melia-palacio-de-isora-tenerife\/#primaryimage"},"image":{"@id":"https:\/\/www.bivaq.com\/es\/gran-melia-palacio-de-isora-tenerife\/#primaryimage"},"thumbnailUrl":"https:\/\/www.bivaq.com\/wp-content\/uploads\/2016\/11\/1-04RedLevel_GMPalacioDeIsora-Pool-scaled.jpg","datePublished":"2022-02-18T13:18:01+00:00","dateModified":"2022-02-22T15:16:18+00:00","author":{"@id":"https:\/\/www.bivaq.com\/es\/#\/schema\/person\/67eecb589ca27e5a5c99fa505005e1a4"},"description":"El Gran Meli\u00e1 Palacio de Isora es un amplio complejo vacacional dise\u00f1ador por el arquitecto \u00c1lvaro Sans ubicado en la costa de Adeje de Tenerife, entre el","breadcrumb":{"@id":"https:\/\/www.bivaq.com\/es\/gran-melia-palacio-de-isora-tenerife\/#breadcrumb"},"inLanguage":"es","potentialAction":[{"@type":"ReadAction","target":["https:\/\/www.bivaq.com\/es\/gran-melia-palacio-de-isora-tenerife\/"]}]},{"@type":"ImageObject","inLanguage":"es","@id":"https:\/\/www.bivaq.com\/es\/gran-melia-palacio-de-isora-tenerife\/#primaryimage","url":"https:\/\/www.bivaq.com\/wp-content\/uploads\/2016\/11\/1-04RedLevel_GMPalacioDeIsora-Pool-scaled.jpg","contentUrl":"https:\/\/www.bivaq.com\/wp-content\/uploads\/2016\/11\/1-04RedLevel_GMPalacioDeIsora-Pool-scaled.jpg","width":2560,"height":1610},{"@type":"BreadcrumbList","@id":"https:\/\/www.bivaq.com\/es\/gran-melia-palacio-de-isora-tenerife\/#breadcrumb","itemListElement":[{"@type":"ListItem","position":1,"name":"Home","item":"https:\/\/www.bivaq.com\/es\/"},{"@type":"ListItem","position":2,"name":"GRAN MELI\u00c1 PALACIO DE ISORA TENERIFE"}]},{"@type":"WebSite","@id":"https:\/\/www.bivaq.com\/es\/#website","url":"https:\/\/www.bivaq.com\/es\/","name":"Bivaq","description":"Muebles de dise\u00f1o y accesorios para uso exterior","alternateName":"Bivaq","potentialAction":[{"@type":"SearchAction","target":{"@type":"EntryPoint","urlTemplate":"https:\/\/www.bivaq.com\/es\/?s={search_term_string}"},"query-input":{"@type":"PropertyValueSpecification","valueRequired":true,"valueName":"search_term_string"}}],"inLanguage":"es"},{"@type":"Person","@id":"https:\/\/www.bivaq.com\/es\/#\/schema\/person\/67eecb589ca27e5a5c99fa505005e1a4","name":"Admin Bivaq","image":{"@type":"ImageObject","inLanguage":"es","@id":"https:\/\/www.bivaq.com\/es\/#\/schema\/person\/image\/","url":"https:\/\/secure.gravatar.com\/avatar\/572ffa66ad5a4c044c2db31e248d79f6161fcfb04d9a4231fb2a4cedcc11c7ea?s=96&d=mm&r=g","contentUrl":"https:\/\/secure.gravatar.com\/avatar\/572ffa66ad5a4c044c2db31e248d79f6161fcfb04d9a4231fb2a4cedcc11c7ea?s=96&d=mm&r=g","caption":"Admin Bivaq"},"url":"https:\/\/www.bivaq.com\/es\/author\/n_admin_bivaq\/"}]}},"_links":{"self":[{"href":"https:\/\/www.bivaq.com\/es\/wp-json\/wp\/v2\/posts\/6015","targetHints":{"allow":["GET"]}}],"collection":[{"href":"https:\/\/www.bivaq.com\/es\/wp-json\/wp\/v2\/posts"}],"about":[{"href":"https:\/\/www.bivaq.com\/es\/wp-json\/wp\/v2\/types\/post"}],"author":[{"embeddable":true,"href":"https:\/\/www.bivaq.com\/es\/wp-json\/wp\/v2\/users\/9192192"}],"replies":[{"embeddable":true,"href":"https:\/\/www.bivaq.com\/es\/wp-json\/wp\/v2\/comments?post=6015"}],"version-history":[{"count":2,"href":"https:\/\/www.bivaq.com\/es\/wp-json\/wp\/v2\/posts\/6015\/revisions"}],"predecessor-version":[{"id":6031,"href":"https:\/\/www.bivaq.com\/es\/wp-json\/wp\/v2\/posts\/6015\/revisions\/6031"}],"wp:featuredmedia":[{"embeddable":true,"href":"https:\/\/www.bivaq.com\/es\/wp-json\/wp\/v2\/media\/4205"}],"wp:attachment":[{"href":"https:\/\/www.bivaq.com\/es\/wp-json\/wp\/v2\/media?parent=6015"}],"wp:term":[{"taxonomy":"category","embeddable":true,"href":"https:\/\/www.bivaq.com\/es\/wp-json\/wp\/v2\/categories?post=6015"},{"taxonomy":"post_tag","embeddable":true,"href":"https:\/\/www.bivaq.com\/es\/wp-json\/wp\/v2\/tags?post=6015"}],"curies":[{"name":"wp","href":"https:\/\/api.w.org\/{rel}","templated":true}]}}